{"id":1909,"date":"2012-10-25T19:02:06","date_gmt":"2012-10-25T18:02:06","guid":{"rendered":"http:\/\/blog.afghanhund.se\/?p=1909"},"modified":"2012-10-25T19:02:06","modified_gmt":"2012-10-25T18:02:06","slug":"dax-for-en-avery-update","status":"publish","type":"post","link":"http:\/\/blog.afghanhund.se\/?p=1909","title":{"rendered":"Dax F\u00f6r En Avery Update !!!"},"content":{"rendered":"<p>Nu har ju lillen varit h\u00e4r snart 2 veckor \u00e5 absolut inget har h\u00e4nt under den tiden &#8230;&#8230;<br \/>\nN\u00e4\u00e4\u00e4\u00e4\u00e4\u00e4\u00e4\u00e4 s\u00e5 var det ju inte, det var ju tv\u00e4rtom &#8230;.<\/p>\n<p>Jag har ju haft semester 2 veckor nu f\u00f6r att kunna springa in och ut med honom,<br \/>\nmen jag kom snabbt p\u00e5 att man beh\u00f6vde inte springa s\u00e5 ofta f\u00f6r han var ju j\u00e4tte<br \/>\nduktig med att s\u00e4ga till d\u00e5 han ville ut s\u00e5 gott som p\u00e5 n\u00e5gra f\u00e5 ggr som han inte<br \/>\nhade tid. \u00c5 det var oftast de g\u00e5nger han hade en Sir Henry i munnen, bokstavligt talat&#8230;<br \/>\nFattade inte riktigt hur jag kunde f\u00e5 s\u00e5 mycket tovor p\u00e5 Henry men kom p\u00e5 dom en<br \/>\ndag d\u00e5 Avery formligen h\u00e4nger p\u00e5 Henry\u00b4s\u00a0rygg ..<br \/>\nS\u00e5 tovor f\u00e5r jag s\u00e5 det r\u00e4cker till, som tur \u00e4r s\u00e5 sabbar han inte p\u00e4lsen p\u00e5 Puffen !!!<\/p>\n<p>Har han l\u00e4rt sig n\u00e5gra rackartyg d\u00e5 ??? JAPP \u00e5 det \u00e4r s\u00e5 klart Thelma som l\u00e4rt<br \/>\nhonom. <em>(kul i framtiden om Thelma l\u00e4r honom allt hon kan.. INTE !!!!)<\/em><br \/>\nEn dag st\u00e5r jag \u00e5 tittar p\u00e5 dom \u00e5 d\u00e5 st\u00e5r Thelma med n\u00e4san i slasken.<br \/>\nThelma kliver ner \u00e5 vem tror ni f\u00f6rs\u00f6ker h\u00e4rma henne om inte lille (f\u00f6r korta)<br \/>\nAvery&#8230; Men en dag kommer han att n\u00e5 upp \u00e5 d\u00e5 har vi tv\u00e5 som st\u00e4dar slasken &#8230;.<\/p>\n<p>N\u00e4sta sak som h\u00e4nde vet jag inte om Thelma l\u00e4rde honom, men hon gjorde ocks\u00e5<br \/>\np\u00e5 detta s\u00e4tt d\u00e5 hon var liten. Ville ta allt som l\u00e5g p\u00e5 bordet, s\u00e5 vi sk\u00f6t in stolarna<br \/>\n\u00e5 trodde att det var lugnt (vi hade gl\u00f6mt hur Thelma var som liten), men n\u00e4r han<br \/>\ng\u00e5r tillbaka in till k\u00f6let s\u00e5 f\u00f6ljer jag efter och kollar in i k\u00f6ket via spegelv\u00e4ggen i hallen<br \/>\nvad som h\u00e4nder. Han g\u00e5r under bordet, tar pannan och skjuter ut stolen, g\u00e5r runt<br \/>\nbordsbenet och s\u00e4tter upp framtassarna p\u00e5 stolen \u00e5 vips kan man str\u00e4cka sig upp p\u00e5<br \/>\nbordet \u00e5 h\u00e4mta katalogen som han \u00e5terigen t\u00e4nker ge sig p\u00e5 och \u00e4ta upp resten av !!!<\/p>\n<p>S\u00e5 n\u00e4r jag postar en massa foton p\u00e5 Facebook d\u00e4r han sover, ja det \u00e4r bara f\u00f6r att<br \/>\ndet \u00e4r nog enda g\u00e5ngen man h\u00e4nger med att fota honom \ud83d\ude42<br \/>\nFast vi fotade ju ute en dag f\u00f6rra helgen \u00e5 det \u00e4r som Linn &amp; Bente sa, han g\u00f6r sig<br \/>\nju j\u00e4ttebra p\u00e5 foton, kameran verkligen \u00e4lskar honom och han \u00e4lskar kameran &#8230;.<br \/>\n<a href=\"http:\/\/blog.afghanhund.se\/?attachment_id=1913\" rel=\"attachment wp-att-1913\"><img data-recalc-dims=\"1\" loading=\"lazy\" decoding=\"async\" data-attachment-id=\"1913\" data-permalink=\"http:\/\/blog.afghanhund.se\/?attachment_id=1913\" data-orig-file=\"https:\/\/i0.wp.com\/blog.afghanhund.se\/wp-content\/uploads\/2012\/10\/11v1.jpg?fit=400%2C529\" data-orig-size=\"400,529\" data-comments-opened=\"1\" data-image-meta=\"{&quot;aperture&quot;:&quot;0&quot;,&quot;credit&quot;:&quot;&quot;,&quot;camera&quot;:&quot;&quot;,&quot;caption&quot;:&quot;&quot;,&quot;created_timestamp&quot;:&quot;0&quot;,&quot;copyright&quot;:&quot;&quot;,&quot;focal_length&quot;:&quot;0&quot;,&quot;iso&quot;:&quot;0&quot;,&quot;shutter_speed&quot;:&quot;0&quot;,&quot;title&quot;:&quot;&quot;}\" data-image-title=\"11v[1]\" data-image-description=\"\" data-image-caption=\"\" data-large-file=\"https:\/\/i0.wp.com\/blog.afghanhund.se\/wp-content\/uploads\/2012\/10\/11v1.jpg?fit=400%2C529\" class=\"alignleft  wp-image-1913\" title=\"11v[1]\" src=\"https:\/\/i0.wp.com\/blog.afghanhund.se\/wp-content\/uploads\/2012\/10\/11v1.jpg?resize=400%2C529\" alt=\"\" width=\"400\" height=\"529\" srcset=\"https:\/\/i0.wp.com\/blog.afghanhund.se\/wp-content\/uploads\/2012\/10\/11v1.jpg?w=400 400w, https:\/\/i0.wp.com\/blog.afghanhund.se\/wp-content\/uploads\/2012\/10\/11v1.jpg?resize=302%2C400 302w\" sizes=\"auto, (max-width: 400px) 100vw, 400px\" \/><\/a><\/p>\n<p>&nbsp;<\/p>\n<p>&nbsp;<\/p>\n<p>&nbsp;<\/p>\n<p>&nbsp;<\/p>\n<p>&nbsp;<\/p>\n<p>&nbsp;<\/p>\n<p>&nbsp;<\/p>\n<p>&nbsp;<\/p>\n<p>&nbsp;<\/p>\n<p>&nbsp;<\/p>\n<p>&nbsp;<\/p>\n<p>&nbsp;<\/p>\n<p>&nbsp;<\/p>\n<p>&nbsp;<\/p>\n<p>&nbsp;<\/p>\n<p>&nbsp;<\/p>\n<p>&nbsp;<\/p>\n<p>S\u00e5 \u00e4r fr\u00e5gan, har det bara varit kul\u00a0sedan ankomsten av denna lilla varelse??<br \/>\n\u00c5 svaret \u00e4r ganska enkelt, japp till 99%, det enda som vart lite jobbigt var<br \/>\nh\u00e4rom natten\u00a0d\u00e5 b\u00e5de Avery &amp; Henry fick lite konstig mage en natt, kan s\u00e4ga<br \/>\natt jag aldrig sett s\u00e5 mycket sett s\u00e5 mycket skit p\u00e5 mitt golv s\u00e5 l\u00e4ng jag haft hund \ud83d\ude42<br \/>\nSkyllde direkt p\u00e5 foder men jag tror att det har att g\u00f6ra med lite stress, kanske kan<br \/>\ndet bero p\u00e5 att dom \u00e4r uppe i varv mest hela dagarna s\u00e5 ig\u00e5r och idag har dom f\u00e5tt<br \/>\nh\u00e5llit sig ganska lugna och bara busat LITE inne och LITE ute \u00e5 nu \u00e4r alla magar<br \/>\nsom dom ska igen <em>(och med hj\u00e4lp av ris i 2 dagar)<\/em> \ud83d\ude42<\/p>\n<p>\u00c5 n\u00e4r det g\u00e4ller planen med utst\u00e4llningedebuten i Hudiksvall s\u00e5 \u00e4r den tyv\u00e4rr<br \/>\nbara att gl\u00f6mma, han fyller 4 m\u00e5nader dagen efter \u00e5 dom kunder inte se<br \/>\nmellan fingrarna vilket jag iof f\u00f6rst\u00e5r &#8230; Bara att bita ihop och ta n\u00e4sta \ud83d\ude42<\/p>\n<p>Det var v\u00e4l vad vi hade idag, men jag lovar att det kommer mer inom kort !!!<\/p>\n","protected":false},"excerpt":{"rendered":"<p>Nu har ju lillen varit h\u00e4r snart 2 veckor \u00e5 absolut inget har h\u00e4nt under den tiden &#8230;&#8230; N\u00e4\u00e4\u00e4\u00e4\u00e4\u00e4\u00e4\u00e4 s\u00e5 var det ju inte, det var ju tv\u00e4rtom &#8230;. Jag har ju haft semester 2 veckor nu f\u00f6r att kunna springa in och ut med honom, men jag kom snabbt p\u00e5 att man beh\u00f6vde inte&#8230; <\/p>\n<div class=\"read-more navbutton\"><a href=\"http:\/\/blog.afghanhund.se\/?p=1909\">L\u00e4s mer<i class=\"fa fa-angle-double-right\"><\/i><\/a><\/div>\n","protected":false},"author":1,"featured_media":0,"comment_status":"open","ping_status":"closed","sticky":false,"template":"","format":"standard","meta":{"_crdt_document":"","jetpack_post_was_ever_published":false,"_jetpack_newsletter_access":"","_jetpack_dont_email_post_to_subs":false,"_jetpack_newsletter_tier_id":0,"_jetpack_memberships_contains_paywalled_content":false,"_jetpack_memberships_contains_paid_content":false,"footnotes":"","jetpack_publicize_message":"","jetpack_publicize_feature_enabled":true,"jetpack_social_post_already_shared":false,"jetpack_social_options":{"image_generator_settings":{"template":"highway","default_image_id":0,"font":"","enabled":false},"version":2}},"categories":[1,3],"tags":[],"class_list":["post-1909","post","type-post","status-publish","format-standard","hentry","category-allmant","category-thelma-spirit-lisa"],"jetpack_publicize_connections":[],"jetpack_featured_media_url":"","jetpack_shortlink":"https:\/\/wp.me\/pEZmd-uN","jetpack_sharing_enabled":true,"jetpack_likes_enabled":true,"_links":{"self":[{"href":"http:\/\/blog.afghanhund.se\/index.php?rest_route=\/wp\/v2\/posts\/1909","targetHints":{"allow":["GET"]}}],"collection":[{"href":"http:\/\/blog.afghanhund.se\/index.php?rest_route=\/wp\/v2\/posts"}],"about":[{"href":"http:\/\/blog.afghanhund.se\/index.php?rest_route=\/wp\/v2\/types\/post"}],"author":[{"embeddable":true,"href":"http:\/\/blog.afghanhund.se\/index.php?rest_route=\/wp\/v2\/users\/1"}],"replies":[{"embeddable":true,"href":"http:\/\/blog.afghanhund.se\/index.php?rest_route=%2Fwp%2Fv2%2Fcomments&post=1909"}],"version-history":[{"count":15,"href":"http:\/\/blog.afghanhund.se\/index.php?rest_route=\/wp\/v2\/posts\/1909\/revisions"}],"predecessor-version":[{"id":1925,"href":"http:\/\/blog.afghanhund.se\/index.php?rest_route=\/wp\/v2\/posts\/1909\/revisions\/1925"}],"wp:attachment":[{"href":"http:\/\/blog.afghanhund.se\/index.php?rest_route=%2Fwp%2Fv2%2Fmedia&parent=1909"}],"wp:term":[{"taxonomy":"category","embeddable":true,"href":"http:\/\/blog.afghanhund.se\/index.php?rest_route=%2Fwp%2Fv2%2Fcategories&post=1909"},{"taxonomy":"post_tag","embeddable":true,"href":"http:\/\/blog.afghanhund.se\/index.php?rest_route=%2Fwp%2Fv2%2Ftags&post=1909"}],"curies":[{"name":"wp","href":"https:\/\/api.w.org\/{rel}","templated":true}]}}